{"id":544,"date":"2025-12-03T00:44:55","date_gmt":"2025-12-03T03:44:55","guid":{"rendered":"https:\/\/insearch.com.br\/blog\/seo-tecnico-e-tatico\/storytelling-para-marcas-a-jornada-do-heroi-nos-negocios-2\/"},"modified":"2025-12-03T00:44:55","modified_gmt":"2025-12-03T03:44:55","slug":"storytelling-para-marcas-a-jornada-do-heroi-nos-negocios-2","status":"publish","type":"post","link":"https:\/\/insearch.com.br\/blog\/marketing-estrategia\/branding\/storytelling-para-marcas-a-jornada-do-heroi-nos-negocios-2\/","title":{"rendered":"Storytelling para Marcas: A Jornada do Her\u00f3i nos Neg\u00f3cios"},"content":{"rendered":"<h2>O C\u00e9rebro \u00e9 Viciado em Hist\u00f3rias<\/h2>\n<p>Desde as cavernas, aprendemos atrav\u00e9s de narrativas. Quando uma marca usa Storytelling, ela deixa de ser uma vendedora e vira uma personagem na vida do cliente.<\/p>\n<h2>A Jornada do Her\u00f3i Adaptada<\/h2>\n<p>O erro comum: A marca acha que ELA \u00e9 o her\u00f3i. (&#8220;N\u00f3s somos l\u00edderes, n\u00f3s vencemos&#8221;).<\/p>\n<p><strong>A Verdade:<\/strong> O Cliente \u00e9 o Her\u00f3i (Luke Skywalker). Ele tem um problema (Imp\u00e9rio). Sua Marca \u00e9 o Guia (Obi-Wan Kenobi). Seu Produto \u00e9 o Sabre de Luz (A Ferramenta).<\/p>\n<h3>Aplicando na Pr\u00e1tica<\/h3>\n<ul>\n<li><strong>P\u00e1gina Sobre N\u00f3s:<\/strong> N\u00e3o fale da funda\u00e7\u00e3o da empresa. Fale do porqu\u00ea voc\u00eas existem. &#8220;Vimos que o mercado era injusto com o pequeno empres\u00e1rio, ent\u00e3o criamos a solu\u00e7\u00e3o X&#8221;.<\/li>\n<li><strong>Email Marketing:<\/strong> Comece com um conflito. &#8220;Eu estava prestes a desistir da minha empresa, at\u00e9 que descobri&#8230;&#8221;. Isso prende a aten\u00e7\u00e3o muito mais que &#8220;Confira nossas ofertas&#8221;.<\/li>\n<\/ul>\n","protected":false},"excerpt":{"rendered":"Conecte-se emocionalmente. T\u00e9cnicas narrativas para transformar textos corporativos chatos em mensagens que inspiram e convertem.","protected":false},"author":1,"featured_media":0,"comment_status":"","ping_status":"","sticky":false,"template":"","format":"standard","meta":{"footnotes":""},"categories":[75],"tags":[],"class_list":["post-544","post","type-post","status-publish","format-standard","hentry","category-branding"],"yoast_head":"<!-- This site is optimized with the Yoast SEO plugin v27.4 - https:\/\/yoast.com\/product\/yoast-seo-wordpress\/ -->\n<title>Storytelling no Marketing: Como Usar a Jornada do Her\u00f3i<\/title>\n<meta name=\"description\" content=\"Fatos contam, hist\u00f3rias vendem. Aprenda a aplicar o monomito de Joseph Campbell na sua p\u00e1gina &#039;Sobre N\u00f3s&#039; e nos seus emails de vendas.\" \/>\n<meta name=\"robots\" content=\"index, follow, max-snippet:-1, max-image-preview:large, max-video-preview:-1\" \/>\n<link rel=\"canonical\" href=\"https:\/\/insearch.com.br\/blog\/marketing-estrategia\/branding\/storytelling-para-marcas-a-jornada-do-heroi-nos-negocios-2\/\" \/>\n<meta property=\"og:locale\" content=\"pt_BR\" \/>\n<meta property=\"og:type\" content=\"article\" \/>\n<meta property=\"og:title\" content=\"Storytelling no Marketing: Como Usar a Jornada do Her\u00f3i\" \/>\n<meta property=\"og:description\" content=\"Fatos contam, hist\u00f3rias vendem. Aprenda a aplicar o monomito de Joseph Campbell na sua p\u00e1gina &#039;Sobre N\u00f3s&#039; e nos seus emails de vendas.\" \/>\n<meta property=\"og:url\" content=\"https:\/\/insearch.com.br\/blog\/marketing-estrategia\/branding\/storytelling-para-marcas-a-jornada-do-heroi-nos-negocios-2\/\" \/>\n<meta property=\"og:site_name\" content=\"Blog InSearch\" \/>\n<meta property=\"article:published_time\" content=\"2025-12-03T03:44:55+00:00\" \/>\n<meta name=\"author\" content=\"Rafael Arbex\" \/>\n<meta name=\"twitter:card\" content=\"summary_large_image\" \/>\n<meta name=\"twitter:label1\" content=\"Escrito por\" \/>\n\t<meta name=\"twitter:data1\" content=\"Rafael Arbex\" \/>\n\t<meta name=\"twitter:label2\" content=\"Est. tempo de leitura\" \/>\n\t<meta name=\"twitter:data2\" content=\"1 minuto\" \/>\n<script type=\"application\/ld+json\" class=\"yoast-schema-graph\">{\"@context\":\"https:\\\/\\\/schema.org\",\"@graph\":[{\"@type\":\"Article\",\"@id\":\"https:\\\/\\\/insearch.com.br\\\/blog\\\/marketing-estrategia\\\/branding\\\/storytelling-para-marcas-a-jornada-do-heroi-nos-negocios-2\\\/#article\",\"isPartOf\":{\"@id\":\"https:\\\/\\\/insearch.com.br\\\/blog\\\/marketing-estrategia\\\/branding\\\/storytelling-para-marcas-a-jornada-do-heroi-nos-negocios-2\\\/\"},\"author\":{\"name\":\"Rafael Arbex\",\"@id\":\"https:\\\/\\\/insearch.com.br\\\/blog\\\/#\\\/schema\\\/person\\\/527a8b52c35360591599cf4620e55722\"},\"headline\":\"Storytelling para Marcas: A Jornada do Her\u00f3i nos Neg\u00f3cios\",\"datePublished\":\"2025-12-03T03:44:55+00:00\",\"mainEntityOfPage\":{\"@id\":\"https:\\\/\\\/insearch.com.br\\\/blog\\\/marketing-estrategia\\\/branding\\\/storytelling-para-marcas-a-jornada-do-heroi-nos-negocios-2\\\/\"},\"wordCount\":168,\"articleSection\":[\"Branding\"],\"inLanguage\":\"pt-BR\"},{\"@type\":\"WebPage\",\"@id\":\"https:\\\/\\\/insearch.com.br\\\/blog\\\/marketing-estrategia\\\/branding\\\/storytelling-para-marcas-a-jornada-do-heroi-nos-negocios-2\\\/\",\"url\":\"https:\\\/\\\/insearch.com.br\\\/blog\\\/marketing-estrategia\\\/branding\\\/storytelling-para-marcas-a-jornada-do-heroi-nos-negocios-2\\\/\",\"name\":\"Storytelling no Marketing: Como Usar a Jornada do Her\u00f3i\",\"isPartOf\":{\"@id\":\"https:\\\/\\\/insearch.com.br\\\/blog\\\/#website\"},\"datePublished\":\"2025-12-03T03:44:55+00:00\",\"author\":{\"@id\":\"https:\\\/\\\/insearch.com.br\\\/blog\\\/#\\\/schema\\\/person\\\/527a8b52c35360591599cf4620e55722\"},\"description\":\"Fatos contam, hist\u00f3rias vendem. Aprenda a aplicar o monomito de Joseph Campbell na sua p\u00e1gina 'Sobre N\u00f3s' e nos seus emails de vendas.\",\"breadcrumb\":{\"@id\":\"https:\\\/\\\/insearch.com.br\\\/blog\\\/marketing-estrategia\\\/branding\\\/storytelling-para-marcas-a-jornada-do-heroi-nos-negocios-2\\\/#breadcrumb\"},\"inLanguage\":\"pt-BR\",\"potentialAction\":[{\"@type\":\"ReadAction\",\"target\":[\"https:\\\/\\\/insearch.com.br\\\/blog\\\/marketing-estrategia\\\/branding\\\/storytelling-para-marcas-a-jornada-do-heroi-nos-negocios-2\\\/\"]}]},{\"@type\":\"BreadcrumbList\",\"@id\":\"https:\\\/\\\/insearch.com.br\\\/blog\\\/marketing-estrategia\\\/branding\\\/storytelling-para-marcas-a-jornada-do-heroi-nos-negocios-2\\\/#breadcrumb\",\"itemListElement\":[{\"@type\":\"ListItem\",\"position\":1,\"name\":\"In\u00edcio\",\"item\":\"https:\\\/\\\/insearch.com.br\\\/blog\\\/\"},{\"@type\":\"ListItem\",\"position\":2,\"name\":\"Storytelling para Marcas: A Jornada do Her\u00f3i nos Neg\u00f3cios\"}]},{\"@type\":\"WebSite\",\"@id\":\"https:\\\/\\\/insearch.com.br\\\/blog\\\/#website\",\"url\":\"https:\\\/\\\/insearch.com.br\\\/blog\\\/\",\"name\":\"Blog InSearch\",\"description\":\"Estrat\u00e9gias t\u00e1ticas de SEO, CRM e CRO para gestores que buscam resultados reais. Domine a m\u00e1quina de vendas com nossos guias avan\u00e7ados e an\u00e1lises de mercado.\",\"potentialAction\":[{\"@type\":\"SearchAction\",\"target\":{\"@type\":\"EntryPoint\",\"urlTemplate\":\"https:\\\/\\\/insearch.com.br\\\/blog\\\/?s={search_term_string}\"},\"query-input\":{\"@type\":\"PropertyValueSpecification\",\"valueRequired\":true,\"valueName\":\"search_term_string\"}}],\"inLanguage\":\"pt-BR\"},{\"@type\":\"Person\",\"@id\":\"https:\\\/\\\/insearch.com.br\\\/blog\\\/#\\\/schema\\\/person\\\/527a8b52c35360591599cf4620e55722\",\"name\":\"Rafael Arbex\",\"pronouns\":\"Ele\\\/Dele\",\"sameAs\":[\"https:\\\/\\\/insearch.com.br\\\/\",\"https:\\\/\\\/www.linkedin.com\\\/in\\\/rafael-arbex\\\/\"],\"url\":\"https:\\\/\\\/insearch.com.br\\\/blog\\\/author\\\/arbex-rafa\\\/\"}]}<\/script>\n<!-- \/ Yoast SEO plugin. -->","yoast_head_json":{"title":"Storytelling no Marketing: Como Usar a Jornada do Her\u00f3i","description":"Fatos contam, hist\u00f3rias vendem. Aprenda a aplicar o monomito de Joseph Campbell na sua p\u00e1gina 'Sobre N\u00f3s' e nos seus emails de vendas.","robots":{"index":"index","follow":"follow","max-snippet":"max-snippet:-1","max-image-preview":"max-image-preview:large","max-video-preview":"max-video-preview:-1"},"canonical":"https:\/\/insearch.com.br\/blog\/marketing-estrategia\/branding\/storytelling-para-marcas-a-jornada-do-heroi-nos-negocios-2\/","og_locale":"pt_BR","og_type":"article","og_title":"Storytelling no Marketing: Como Usar a Jornada do Her\u00f3i","og_description":"Fatos contam, hist\u00f3rias vendem. Aprenda a aplicar o monomito de Joseph Campbell na sua p\u00e1gina 'Sobre N\u00f3s' e nos seus emails de vendas.","og_url":"https:\/\/insearch.com.br\/blog\/marketing-estrategia\/branding\/storytelling-para-marcas-a-jornada-do-heroi-nos-negocios-2\/","og_site_name":"Blog InSearch","article_published_time":"2025-12-03T03:44:55+00:00","author":"Rafael Arbex","twitter_card":"summary_large_image","twitter_misc":{"Escrito por":"Rafael Arbex","Est. tempo de leitura":"1 minuto"},"schema":{"@context":"https:\/\/schema.org","@graph":[{"@type":"Article","@id":"https:\/\/insearch.com.br\/blog\/marketing-estrategia\/branding\/storytelling-para-marcas-a-jornada-do-heroi-nos-negocios-2\/#article","isPartOf":{"@id":"https:\/\/insearch.com.br\/blog\/marketing-estrategia\/branding\/storytelling-para-marcas-a-jornada-do-heroi-nos-negocios-2\/"},"author":{"name":"Rafael Arbex","@id":"https:\/\/insearch.com.br\/blog\/#\/schema\/person\/527a8b52c35360591599cf4620e55722"},"headline":"Storytelling para Marcas: A Jornada do Her\u00f3i nos Neg\u00f3cios","datePublished":"2025-12-03T03:44:55+00:00","mainEntityOfPage":{"@id":"https:\/\/insearch.com.br\/blog\/marketing-estrategia\/branding\/storytelling-para-marcas-a-jornada-do-heroi-nos-negocios-2\/"},"wordCount":168,"articleSection":["Branding"],"inLanguage":"pt-BR"},{"@type":"WebPage","@id":"https:\/\/insearch.com.br\/blog\/marketing-estrategia\/branding\/storytelling-para-marcas-a-jornada-do-heroi-nos-negocios-2\/","url":"https:\/\/insearch.com.br\/blog\/marketing-estrategia\/branding\/storytelling-para-marcas-a-jornada-do-heroi-nos-negocios-2\/","name":"Storytelling no Marketing: Como Usar a Jornada do Her\u00f3i","isPartOf":{"@id":"https:\/\/insearch.com.br\/blog\/#website"},"datePublished":"2025-12-03T03:44:55+00:00","author":{"@id":"https:\/\/insearch.com.br\/blog\/#\/schema\/person\/527a8b52c35360591599cf4620e55722"},"description":"Fatos contam, hist\u00f3rias vendem. Aprenda a aplicar o monomito de Joseph Campbell na sua p\u00e1gina 'Sobre N\u00f3s' e nos seus emails de vendas.","breadcrumb":{"@id":"https:\/\/insearch.com.br\/blog\/marketing-estrategia\/branding\/storytelling-para-marcas-a-jornada-do-heroi-nos-negocios-2\/#breadcrumb"},"inLanguage":"pt-BR","potentialAction":[{"@type":"ReadAction","target":["https:\/\/insearch.com.br\/blog\/marketing-estrategia\/branding\/storytelling-para-marcas-a-jornada-do-heroi-nos-negocios-2\/"]}]},{"@type":"BreadcrumbList","@id":"https:\/\/insearch.com.br\/blog\/marketing-estrategia\/branding\/storytelling-para-marcas-a-jornada-do-heroi-nos-negocios-2\/#breadcrumb","itemListElement":[{"@type":"ListItem","position":1,"name":"In\u00edcio","item":"https:\/\/insearch.com.br\/blog\/"},{"@type":"ListItem","position":2,"name":"Storytelling para Marcas: A Jornada do Her\u00f3i nos Neg\u00f3cios"}]},{"@type":"WebSite","@id":"https:\/\/insearch.com.br\/blog\/#website","url":"https:\/\/insearch.com.br\/blog\/","name":"Blog InSearch","description":"Estrat\u00e9gias t\u00e1ticas de SEO, CRM e CRO para gestores que buscam resultados reais. Domine a m\u00e1quina de vendas com nossos guias avan\u00e7ados e an\u00e1lises de mercado.","potentialAction":[{"@type":"SearchAction","target":{"@type":"EntryPoint","urlTemplate":"https:\/\/insearch.com.br\/blog\/?s={search_term_string}"},"query-input":{"@type":"PropertyValueSpecification","valueRequired":true,"valueName":"search_term_string"}}],"inLanguage":"pt-BR"},{"@type":"Person","@id":"https:\/\/insearch.com.br\/blog\/#\/schema\/person\/527a8b52c35360591599cf4620e55722","name":"Rafael Arbex","pronouns":"Ele\/Dele","sameAs":["https:\/\/insearch.com.br\/","https:\/\/www.linkedin.com\/in\/rafael-arbex\/"],"url":"https:\/\/insearch.com.br\/blog\/author\/arbex-rafa\/"}]}},"_links":{"self":[{"href":"https:\/\/insearch.com.br\/blog\/wp-json\/wp\/v2\/posts\/544","targetHints":{"allow":["GET"]}}],"collection":[{"href":"https:\/\/insearch.com.br\/blog\/wp-json\/wp\/v2\/posts"}],"about":[{"href":"https:\/\/insearch.com.br\/blog\/wp-json\/wp\/v2\/types\/post"}],"author":[{"embeddable":true,"href":"https:\/\/insearch.com.br\/blog\/wp-json\/wp\/v2\/users\/1"}],"replies":[{"embeddable":true,"href":"https:\/\/insearch.com.br\/blog\/wp-json\/wp\/v2\/comments?post=544"}],"version-history":[{"count":0,"href":"https:\/\/insearch.com.br\/blog\/wp-json\/wp\/v2\/posts\/544\/revisions"}],"wp:attachment":[{"href":"https:\/\/insearch.com.br\/blog\/wp-json\/wp\/v2\/media?parent=544"}],"wp:term":[{"taxonomy":"category","embeddable":true,"href":"https:\/\/insearch.com.br\/blog\/wp-json\/wp\/v2\/categories?post=544"},{"taxonomy":"post_tag","embeddable":true,"href":"https:\/\/insearch.com.br\/blog\/wp-json\/wp\/v2\/tags?post=544"}],"curies":[{"name":"wp","href":"https:\/\/api.w.org\/{rel}","templated":true}]}}