{"id":497,"date":"2025-12-02T23:49:11","date_gmt":"2025-12-03T02:49:11","guid":{"rendered":"https:\/\/insearch.com.br\/blog\/seo-tecnico-e-tatico\/seo-para-moda-e-fashion-tendencia-e-a-palavra-chave\/"},"modified":"2025-12-02T23:49:11","modified_gmt":"2025-12-03T02:49:11","slug":"seo-para-moda-e-fashion-tendencia-e-a-palavra-chave","status":"publish","type":"post","link":"https:\/\/insearch.com.br\/blog\/seo-por-industria\/moda\/seo-para-moda-e-fashion-tendencia-e-a-palavra-chave\/","title":{"rendered":"SEO para Moda e Fashion: Tend\u00eancia \u00e9 a Palavra-Chave"},"content":{"rendered":"<h2>O Ciclo Curto da Moda<\/h2>\n<p>Cole\u00e7\u00e3o Primavera\/Ver\u00e3o dura 3 meses. Como fazer SEO para algo que muda t\u00e3o r\u00e1pido? O segredo \u00e9 focar nas <strong>Categorias Permanentes<\/strong> e nas <strong>Tend\u00eancias de Busca<\/strong>.<\/p>\n<h3>Sazonalidade Recorrente<\/h3>\n<p>N\u00e3o crie a URL <code>\/vestidos-verao-2025<\/code>. Crie <code>\/vestidos-verao<\/code>. Todo ano, voc\u00ea apenas atualiza os produtos e o H1 dessa p\u00e1gina. Assim, a URL acumula autoridade (backlinks) ano ap\u00f3s ano, e voc\u00ea j\u00e1 come\u00e7a a esta\u00e7\u00e3o rankeando no topo.<\/p>\n<h2>Descri\u00e7\u00f5es Sensoriais<\/h2>\n<p>O maior erro em moda \u00e9 a descri\u00e7\u00e3o t\u00e9cnica fria (&#8220;Tecido: Algod\u00e3o&#8221;). O usu\u00e1rio busca pela ocasi\u00e3o e sensa\u00e7\u00e3o.<\/p>\n<p><em>Ruim:<\/em> &#8220;Vestido preto curto.&#8221;<br \/><em>Bom:<\/em> &#8220;Vestido preto curto de seda para festas noturnas e coquet\u00e9is.&#8221;<\/p>\n<p>Isso captura a cauda longa (&#8220;vestido para festa noturna&#8221;) que tem inten\u00e7\u00e3o de compra alt\u00edssima.<\/p>\n<h2>O Pinterest como Buscador<\/h2>\n<p>Em moda, o Pinterest \u00e9 t\u00e3o importante quanto o Google. Instale o bot\u00e3o &#8220;Pin It&#8221; em todas as fotos de produto e certifique-se de que a tag <code>description<\/code> da imagem esteja preenchida com palavras-chave, pois \u00e9 isso que o Pinterest l\u00ea.<\/p>\n","protected":false},"excerpt":{"rendered":"Estilo e subst\u00e2ncia. Como unir branding e performance em sites de moda, vestu\u00e1rio e acess\u00f3rios.","protected":false},"author":1,"featured_media":0,"comment_status":"","ping_status":"","sticky":false,"template":"","format":"standard","meta":{"footnotes":""},"categories":[94],"tags":[],"class_list":["post-497","post","type-post","status-publish","format-standard","hentry","category-moda"],"yoast_head":"<!-- This site is optimized with the Yoast SEO plugin v27.4 - https:\/\/yoast.com\/product\/yoast-seo-wordpress\/ -->\n<title>SEO para E-commerce de Moda: Otimizando Cole\u00e7\u00f5es e Tend\u00eancias<\/title>\n<meta name=\"description\" content=\"Moda \u00e9 visual, mas precisa de texto. Aprenda a descrever roupas, usar tend\u00eancias sazonais e otimizar p\u00e1ginas de categoria.\" \/>\n<meta name=\"robots\" content=\"index, follow, max-snippet:-1, max-image-preview:large, max-video-preview:-1\" \/>\n<link rel=\"canonical\" href=\"https:\/\/insearch.com.br\/blog\/seo-por-industria\/moda\/seo-para-moda-e-fashion-tendencia-e-a-palavra-chave\/\" \/>\n<meta property=\"og:locale\" content=\"pt_BR\" \/>\n<meta property=\"og:type\" content=\"article\" \/>\n<meta property=\"og:title\" content=\"SEO para E-commerce de Moda: Otimizando Cole\u00e7\u00f5es e Tend\u00eancias\" \/>\n<meta property=\"og:description\" content=\"Moda \u00e9 visual, mas precisa de texto. Aprenda a descrever roupas, usar tend\u00eancias sazonais e otimizar p\u00e1ginas de categoria.\" \/>\n<meta property=\"og:url\" content=\"https:\/\/insearch.com.br\/blog\/seo-por-industria\/moda\/seo-para-moda-e-fashion-tendencia-e-a-palavra-chave\/\" \/>\n<meta property=\"og:site_name\" content=\"Blog InSearch\" \/>\n<meta property=\"article:published_time\" content=\"2025-12-03T02:49:11+00:00\" \/>\n<meta name=\"author\" content=\"Rafael Arbex\" \/>\n<meta name=\"twitter:card\" content=\"summary_large_image\" \/>\n<meta name=\"twitter:label1\" content=\"Escrito por\" \/>\n\t<meta name=\"twitter:data1\" content=\"Rafael Arbex\" \/>\n\t<meta name=\"twitter:label2\" content=\"Est. tempo de leitura\" \/>\n\t<meta name=\"twitter:data2\" content=\"1 minuto\" \/>\n<script type=\"application\/ld+json\" class=\"yoast-schema-graph\">{\"@context\":\"https:\\\/\\\/schema.org\",\"@graph\":[{\"@type\":\"Article\",\"@id\":\"https:\\\/\\\/insearch.com.br\\\/blog\\\/seo-por-industria\\\/moda\\\/seo-para-moda-e-fashion-tendencia-e-a-palavra-chave\\\/#article\",\"isPartOf\":{\"@id\":\"https:\\\/\\\/insearch.com.br\\\/blog\\\/seo-por-industria\\\/moda\\\/seo-para-moda-e-fashion-tendencia-e-a-palavra-chave\\\/\"},\"author\":{\"name\":\"Rafael Arbex\",\"@id\":\"https:\\\/\\\/insearch.com.br\\\/blog\\\/#\\\/schema\\\/person\\\/527a8b52c35360591599cf4620e55722\"},\"headline\":\"SEO para Moda e Fashion: Tend\u00eancia \u00e9 a Palavra-Chave\",\"datePublished\":\"2025-12-03T02:49:11+00:00\",\"mainEntityOfPage\":{\"@id\":\"https:\\\/\\\/insearch.com.br\\\/blog\\\/seo-por-industria\\\/moda\\\/seo-para-moda-e-fashion-tendencia-e-a-palavra-chave\\\/\"},\"wordCount\":190,\"articleSection\":[\"Moda\"],\"inLanguage\":\"pt-BR\"},{\"@type\":\"WebPage\",\"@id\":\"https:\\\/\\\/insearch.com.br\\\/blog\\\/seo-por-industria\\\/moda\\\/seo-para-moda-e-fashion-tendencia-e-a-palavra-chave\\\/\",\"url\":\"https:\\\/\\\/insearch.com.br\\\/blog\\\/seo-por-industria\\\/moda\\\/seo-para-moda-e-fashion-tendencia-e-a-palavra-chave\\\/\",\"name\":\"SEO para E-commerce de Moda: Otimizando Cole\u00e7\u00f5es e Tend\u00eancias\",\"isPartOf\":{\"@id\":\"https:\\\/\\\/insearch.com.br\\\/blog\\\/#website\"},\"datePublished\":\"2025-12-03T02:49:11+00:00\",\"author\":{\"@id\":\"https:\\\/\\\/insearch.com.br\\\/blog\\\/#\\\/schema\\\/person\\\/527a8b52c35360591599cf4620e55722\"},\"description\":\"Moda \u00e9 visual, mas precisa de texto. Aprenda a descrever roupas, usar tend\u00eancias sazonais e otimizar p\u00e1ginas de categoria.\",\"breadcrumb\":{\"@id\":\"https:\\\/\\\/insearch.com.br\\\/blog\\\/seo-por-industria\\\/moda\\\/seo-para-moda-e-fashion-tendencia-e-a-palavra-chave\\\/#breadcrumb\"},\"inLanguage\":\"pt-BR\",\"potentialAction\":[{\"@type\":\"ReadAction\",\"target\":[\"https:\\\/\\\/insearch.com.br\\\/blog\\\/seo-por-industria\\\/moda\\\/seo-para-moda-e-fashion-tendencia-e-a-palavra-chave\\\/\"]}]},{\"@type\":\"BreadcrumbList\",\"@id\":\"https:\\\/\\\/insearch.com.br\\\/blog\\\/seo-por-industria\\\/moda\\\/seo-para-moda-e-fashion-tendencia-e-a-palavra-chave\\\/#breadcrumb\",\"itemListElement\":[{\"@type\":\"ListItem\",\"position\":1,\"name\":\"In\u00edcio\",\"item\":\"https:\\\/\\\/insearch.com.br\\\/blog\\\/\"},{\"@type\":\"ListItem\",\"position\":2,\"name\":\"SEO para Moda e Fashion: Tend\u00eancia \u00e9 a Palavra-Chave\"}]},{\"@type\":\"WebSite\",\"@id\":\"https:\\\/\\\/insearch.com.br\\\/blog\\\/#website\",\"url\":\"https:\\\/\\\/insearch.com.br\\\/blog\\\/\",\"name\":\"Blog InSearch\",\"description\":\"Estrat\u00e9gias t\u00e1ticas de SEO, CRM e CRO para gestores que buscam resultados reais. Domine a m\u00e1quina de vendas com nossos guias avan\u00e7ados e an\u00e1lises de mercado.\",\"potentialAction\":[{\"@type\":\"SearchAction\",\"target\":{\"@type\":\"EntryPoint\",\"urlTemplate\":\"https:\\\/\\\/insearch.com.br\\\/blog\\\/?s={search_term_string}\"},\"query-input\":{\"@type\":\"PropertyValueSpecification\",\"valueRequired\":true,\"valueName\":\"search_term_string\"}}],\"inLanguage\":\"pt-BR\"},{\"@type\":\"Person\",\"@id\":\"https:\\\/\\\/insearch.com.br\\\/blog\\\/#\\\/schema\\\/person\\\/527a8b52c35360591599cf4620e55722\",\"name\":\"Rafael Arbex\",\"pronouns\":\"Ele\\\/Dele\",\"sameAs\":[\"https:\\\/\\\/insearch.com.br\\\/\",\"https:\\\/\\\/www.linkedin.com\\\/in\\\/rafael-arbex\\\/\"],\"url\":\"https:\\\/\\\/insearch.com.br\\\/blog\\\/author\\\/arbex-rafa\\\/\"}]}<\/script>\n<!-- \/ Yoast SEO plugin. -->","yoast_head_json":{"title":"SEO para E-commerce de Moda: Otimizando Cole\u00e7\u00f5es e Tend\u00eancias","description":"Moda \u00e9 visual, mas precisa de texto. Aprenda a descrever roupas, usar tend\u00eancias sazonais e otimizar p\u00e1ginas de categoria.","robots":{"index":"index","follow":"follow","max-snippet":"max-snippet:-1","max-image-preview":"max-image-preview:large","max-video-preview":"max-video-preview:-1"},"canonical":"https:\/\/insearch.com.br\/blog\/seo-por-industria\/moda\/seo-para-moda-e-fashion-tendencia-e-a-palavra-chave\/","og_locale":"pt_BR","og_type":"article","og_title":"SEO para E-commerce de Moda: Otimizando Cole\u00e7\u00f5es e Tend\u00eancias","og_description":"Moda \u00e9 visual, mas precisa de texto. Aprenda a descrever roupas, usar tend\u00eancias sazonais e otimizar p\u00e1ginas de categoria.","og_url":"https:\/\/insearch.com.br\/blog\/seo-por-industria\/moda\/seo-para-moda-e-fashion-tendencia-e-a-palavra-chave\/","og_site_name":"Blog InSearch","article_published_time":"2025-12-03T02:49:11+00:00","author":"Rafael Arbex","twitter_card":"summary_large_image","twitter_misc":{"Escrito por":"Rafael Arbex","Est. tempo de leitura":"1 minuto"},"schema":{"@context":"https:\/\/schema.org","@graph":[{"@type":"Article","@id":"https:\/\/insearch.com.br\/blog\/seo-por-industria\/moda\/seo-para-moda-e-fashion-tendencia-e-a-palavra-chave\/#article","isPartOf":{"@id":"https:\/\/insearch.com.br\/blog\/seo-por-industria\/moda\/seo-para-moda-e-fashion-tendencia-e-a-palavra-chave\/"},"author":{"name":"Rafael Arbex","@id":"https:\/\/insearch.com.br\/blog\/#\/schema\/person\/527a8b52c35360591599cf4620e55722"},"headline":"SEO para Moda e Fashion: Tend\u00eancia \u00e9 a Palavra-Chave","datePublished":"2025-12-03T02:49:11+00:00","mainEntityOfPage":{"@id":"https:\/\/insearch.com.br\/blog\/seo-por-industria\/moda\/seo-para-moda-e-fashion-tendencia-e-a-palavra-chave\/"},"wordCount":190,"articleSection":["Moda"],"inLanguage":"pt-BR"},{"@type":"WebPage","@id":"https:\/\/insearch.com.br\/blog\/seo-por-industria\/moda\/seo-para-moda-e-fashion-tendencia-e-a-palavra-chave\/","url":"https:\/\/insearch.com.br\/blog\/seo-por-industria\/moda\/seo-para-moda-e-fashion-tendencia-e-a-palavra-chave\/","name":"SEO para E-commerce de Moda: Otimizando Cole\u00e7\u00f5es e Tend\u00eancias","isPartOf":{"@id":"https:\/\/insearch.com.br\/blog\/#website"},"datePublished":"2025-12-03T02:49:11+00:00","author":{"@id":"https:\/\/insearch.com.br\/blog\/#\/schema\/person\/527a8b52c35360591599cf4620e55722"},"description":"Moda \u00e9 visual, mas precisa de texto. Aprenda a descrever roupas, usar tend\u00eancias sazonais e otimizar p\u00e1ginas de categoria.","breadcrumb":{"@id":"https:\/\/insearch.com.br\/blog\/seo-por-industria\/moda\/seo-para-moda-e-fashion-tendencia-e-a-palavra-chave\/#breadcrumb"},"inLanguage":"pt-BR","potentialAction":[{"@type":"ReadAction","target":["https:\/\/insearch.com.br\/blog\/seo-por-industria\/moda\/seo-para-moda-e-fashion-tendencia-e-a-palavra-chave\/"]}]},{"@type":"BreadcrumbList","@id":"https:\/\/insearch.com.br\/blog\/seo-por-industria\/moda\/seo-para-moda-e-fashion-tendencia-e-a-palavra-chave\/#breadcrumb","itemListElement":[{"@type":"ListItem","position":1,"name":"In\u00edcio","item":"https:\/\/insearch.com.br\/blog\/"},{"@type":"ListItem","position":2,"name":"SEO para Moda e Fashion: Tend\u00eancia \u00e9 a Palavra-Chave"}]},{"@type":"WebSite","@id":"https:\/\/insearch.com.br\/blog\/#website","url":"https:\/\/insearch.com.br\/blog\/","name":"Blog InSearch","description":"Estrat\u00e9gias t\u00e1ticas de SEO, CRM e CRO para gestores que buscam resultados reais. Domine a m\u00e1quina de vendas com nossos guias avan\u00e7ados e an\u00e1lises de mercado.","potentialAction":[{"@type":"SearchAction","target":{"@type":"EntryPoint","urlTemplate":"https:\/\/insearch.com.br\/blog\/?s={search_term_string}"},"query-input":{"@type":"PropertyValueSpecification","valueRequired":true,"valueName":"search_term_string"}}],"inLanguage":"pt-BR"},{"@type":"Person","@id":"https:\/\/insearch.com.br\/blog\/#\/schema\/person\/527a8b52c35360591599cf4620e55722","name":"Rafael Arbex","pronouns":"Ele\/Dele","sameAs":["https:\/\/insearch.com.br\/","https:\/\/www.linkedin.com\/in\/rafael-arbex\/"],"url":"https:\/\/insearch.com.br\/blog\/author\/arbex-rafa\/"}]}},"_links":{"self":[{"href":"https:\/\/insearch.com.br\/blog\/wp-json\/wp\/v2\/posts\/497","targetHints":{"allow":["GET"]}}],"collection":[{"href":"https:\/\/insearch.com.br\/blog\/wp-json\/wp\/v2\/posts"}],"about":[{"href":"https:\/\/insearch.com.br\/blog\/wp-json\/wp\/v2\/types\/post"}],"author":[{"embeddable":true,"href":"https:\/\/insearch.com.br\/blog\/wp-json\/wp\/v2\/users\/1"}],"replies":[{"embeddable":true,"href":"https:\/\/insearch.com.br\/blog\/wp-json\/wp\/v2\/comments?post=497"}],"version-history":[{"count":0,"href":"https:\/\/insearch.com.br\/blog\/wp-json\/wp\/v2\/posts\/497\/revisions"}],"wp:attachment":[{"href":"https:\/\/insearch.com.br\/blog\/wp-json\/wp\/v2\/media?parent=497"}],"wp:term":[{"taxonomy":"category","embeddable":true,"href":"https:\/\/insearch.com.br\/blog\/wp-json\/wp\/v2\/categories?post=497"},{"taxonomy":"post_tag","embeddable":true,"href":"https:\/\/insearch.com.br\/blog\/wp-json\/wp\/v2\/tags?post=497"}],"curies":[{"name":"wp","href":"https:\/\/api.w.org\/{rel}","templated":true}]}}